{"id":2302,"date":"2025-12-07T15:29:06","date_gmt":"2025-12-07T18:29:06","guid":{"rendered":"https:\/\/equatorium.com.br\/womensplus\/?p=2302"},"modified":"2025-12-07T15:32:06","modified_gmt":"2025-12-07T18:32:06","slug":"perguntas-frequentes-sobre-o-w-triathlon-camp-2026","status":"publish","type":"post","link":"https:\/\/equatorium.com.br\/womensplus\/perguntas-frequentes-sobre-o-w-triathlon-camp-2026\/","title":{"rendered":"Perguntas Frequentes sobre o W+ Triathlon Camp 2026"},"content":{"rendered":"<p><span style=\"font-weight: 400;\">O <\/span><b>W+ Triathlon Camp 2026<\/b><span style=\"font-weight: 400;\"> acontece de <\/span><b>4 a 7 de junho<\/b><span style=\"font-weight: 400;\">, na <\/span><b>Herdade da Cortesia<\/b><span style=\"font-weight: 400;\"> em <\/span><b>Avis, Portugal<\/b><span style=\"font-weight: 400;\">, e re\u00fane mulheres que querem evoluir no triathlon com estrutura, orienta\u00e7\u00e3o t\u00e9cnica e um ambiente que favorece a consist\u00eancia.<\/span><\/p>\n<p><span style=\"font-weight: 400;\">Para facilitar a tua decis\u00e3o, reunimos abaixo as d\u00favidas mais comuns sobre o Camp.<\/span><\/p>\n<p data-start=\"636\" data-end=\"931\">\n<h3><b>Perguntas Frequentes \u2013 W+ Triathlon Camp 2026<\/b><\/h3>\n<h4><b>\u00a0<\/b><\/h4>\n<h4><b>1. Quem pode participar?<\/b><\/h4>\n<p><span style=\"font-weight: 400;\">Mulheres de todos os n\u00edveis, desde atletas em in\u00edcio de jornada at\u00e9 intermedi\u00e1rias e avan\u00e7adas que buscam mais t\u00e9cnica, seguran\u00e7a e estrutura nos treinos.<\/span><\/p>\n<h4><b>\u00a0<\/b><\/h4>\n<h4><b>2. Preciso ser avan\u00e7ada para acompanhar?<\/b><\/h4>\n<p><span style=\"font-weight: 400;\">N\u00e3o. As sess\u00f5es s\u00e3o constru\u00eddas com progress\u00e3o e adapta\u00e7\u00e3o. O foco \u00e9 desenvolvimento t\u00e9cnico \u2014 n\u00e3o performance ou compara\u00e7\u00e3o entre atletas.<\/span><\/p>\n<h4><b>\u00a0<\/b><\/h4>\n<h4><b>3. Onde acontece o Camp?<\/b><\/h4>\n<p><span style=\"font-weight: 400;\">Em <\/span><b>Avis, Portugal<\/b><span style=\"font-weight: 400;\">, de 4 a 7 de junho de 2026.<\/span><\/p>\n<h4><b>\u00a0<\/b><\/h4>\n<h4><b>4. O que est\u00e1 inclu\u00eddo no valor?<\/b><\/h4>\n<p><span style=\"font-weight: 400;\">\u2013 Hospedagem e alimenta\u00e7\u00e3o<\/span><span style=\"font-weight: 400;\"><br \/>\n<\/span><span style=\"font-weight: 400;\">\u2013 Treinos guiados de nata\u00e7\u00e3o, ciclismo e corrida<\/span><span style=\"font-weight: 400;\"><br \/>\n<\/span><span style=\"font-weight: 400;\">\u2013 Workshops t\u00e9cnicos e sess\u00e3o de mec\u00e2nica<\/span><span style=\"font-weight: 400;\"><br \/>\n<\/span><span style=\"font-weight: 400;\">\u2013 Welcome Kit<\/span><span style=\"font-weight: 400;\"><br \/>\n<\/span><span style=\"font-weight: 400;\">\u2013 Estrutura de apoio durante todos os treinos<\/span><span style=\"font-weight: 400;\"><br \/>\n<\/span><span style=\"font-weight: 400;\">\u2013 Acompanhamento cont\u00ednuo durante todo o Camp<\/span><\/p>\n<h4><b>\u00a0<\/b><\/h4>\n<h4><b>5. Como \u00e9 a hospedagem?<\/b><\/h4>\n<p><span style=\"font-weight: 400;\">A hospedagem \u00e9 na<\/span><a href=\"https:\/\/www.herdadedacortesia.com\/\"> <b>Herdade da Cortesia<\/b><\/a><span style=\"font-weight: 400;\">, em Avis \u2014 um hotel 5 estrelas reconhecido por receber atletas de alto rendimento de diversas modalidades.<\/span><span style=\"font-weight: 400;\"><br \/>\n<\/span><span style=\"font-weight: 400;\">O hotel foi pensado para treino e recupera\u00e7\u00e3o:<\/span><span style=\"font-weight: 400;\"><br \/>\n<\/span><span style=\"font-weight: 400;\">\u2013 estrutura ampla,<\/span><span style=\"font-weight: 400;\"><br \/>\n<\/span><span style=\"font-weight: 400;\">\u2013 ambiente silencioso,<\/span><span style=\"font-weight: 400;\"><br \/>\n<\/span><span style=\"font-weight: 400;\">\u2013 espa\u00e7os adequados para prepara\u00e7\u00e3o f\u00edsica,<\/span><span style=\"font-weight: 400;\"><br \/>\n<\/span><span style=\"font-weight: 400;\">\u2013 e uma cozinha habituada a servir atletas com necessidades espec\u00edficas.<\/span><\/p>\n<p><span style=\"font-weight: 400;\">Sem exageros: \u00e9 um hotel que entende rotina de treino e facilita a vida de quem est\u00e1 ali para evoluir.<\/span><\/p>\n<h4><b>\u00a0<\/b><\/h4>\n<h4><b>6. Preciso levar minha pr\u00f3pria bicicleta?<\/b><\/h4>\n<p><span style=\"font-weight: 400;\">Sim. Cada atleta leva a sua.<\/span><\/p>\n<h4><b>\u00a0<\/b><\/h4>\n<h4><b>7. Os treinos s\u00e3o obrigat\u00f3rios?<\/b><\/h4>\n<p><span style=\"font-weight: 400;\">Cada atleta tem liberdade para adaptar a carga de acordo com seu n\u00edvel, estado f\u00edsico e objetivo.<\/span><span style=\"font-weight: 400;\"><br \/>\n<\/span><span style=\"font-weight: 400;\">A equipa est\u00e1 preparada para ajustar intensidade e volume individualmente, sem tornar a experi\u00eancia excludente ou r\u00edgida.<\/span><\/p>\n<h4><b>\u00a0<\/b><\/h4>\n<h4><b>8. Vou ficar deslocada se for sozinha?<\/b><\/h4>\n<p><span style=\"font-weight: 400;\">N\u00e3o. A din\u00e2mica do Camp integra rapidamente participantes de diferentes lugares.<\/span><\/p>\n<h4><b>\u00a0<\/b><\/h4>\n<h4><b>9. Como funciona o pagamento?<\/b><\/h4>\n<p><span style=\"font-weight: 400;\">As informa\u00e7\u00f5es completas s\u00e3o enviadas ap\u00f3s o contato para inscri\u00e7\u00e3o.<\/span><span style=\"font-weight: 400;\"><br \/>\n<\/span><span style=\"font-weight: 400;\">H\u00e1 possibilidade de pagamento com entrada e parcelas, dependendo da origem da atleta e das condi\u00e7\u00f5es no momento da inscri\u00e7\u00e3o.<\/span><\/p>\n<h4><b>\u00a0<\/b><\/h4>\n<h4><b>10. Como fa\u00e7o para me inscrever?<\/b><\/h4>\n<p><span style=\"font-weight: 400;\">Para se inscrever dever\u00e1 preencher<\/span><a href=\"https:\/\/docs.google.com\/forms\/d\/e\/1FAIpQLScmXofUlE1C0GUSw89nmWGeRZOQH86s4i6Syd0lrIfdqgWyHQ\/viewform?usp=sharing&amp;ouid=117273062738256045951\"> <span style=\"font-weight: 400;\">este formul\u00e1rio<\/span><\/a><span style=\"font-weight: 400;\"> e entraremos em contacto.<\/span><\/p>\n<p><span style=\"font-weight: 400;\">Se est\u00e1s \u00e0 procura de uma experi\u00eancia estruturada, segura e orientada para evolu\u00e7\u00e3o real no triathlon, o <\/span><b>W+ Triathlon Camp 2026<\/b><span style=\"font-weight: 400;\"> oferece tudo o que precisas para treinar com prop\u00f3sito e consist\u00eancia.<\/span><\/p>\n<p><span style=\"font-weight: 400;\">D\u00favidas adicionais podem ser enviadas diretamente pelos canais oficiais da W+.<\/span><\/p>\n","protected":false},"excerpt":{"rendered":"<p>O W+ Triathlon Camp 2026 acontece de 4 a 7 de junho, na Herdade da Cortesia em Avis, Portugal, e re\u00fane mulheres que querem evoluir no triathlon com estrutura, orienta\u00e7\u00e3o t\u00e9cnica e um ambiente que favorece a consist\u00eancia. Para facilitar a tua decis\u00e3o, reunimos abaixo as d\u00favidas mais comuns sobre o Camp. Perguntas Frequentes \u2013 [&hellip;]<\/p>\n","protected":false},"author":1,"featured_media":2304,"comment_status":"open","ping_status":"open","sticky":false,"template":"","format":"standard","meta":{"_acf_changed":false,"_et_pb_use_builder":"","_et_pb_old_content":"","_et_gb_content_width":"","footnotes":""},"categories":[1],"tags":[],"class_list":["post-2302","post","type-post","status-publish","format-standard","has-post-thumbnail","hentry","category-sem-categoria"],"acf":[],"yoast_head":"<!-- This site is optimized with the Yoast SEO plugin v27.6 - https:\/\/yoast.com\/product\/yoast-seo-wordpress\/ -->\n<title>Perguntas Frequentes sobre o W+ Triathlon Camp 2026 - Womens Plus+<\/title>\n<meta name=\"description\" content=\"W+ Triathlon Camp 2026: perguntas Frequentes sobre o camp feminino em Avis, Portugal. Detalhes sobre hospedagem, treinos, e inscri\u00e7\u00e3o.\" \/>\n<meta name=\"robots\" content=\"noindex, follow, max-snippet:-1, max-image-preview:large, max-video-preview:-1\" \/>\n<meta property=\"og:locale\" content=\"pt_BR\" \/>\n<meta property=\"og:type\" content=\"article\" \/>\n<meta property=\"og:title\" content=\"Perguntas Frequentes sobre o W+ Triathlon Camp 2026 - Womens Plus+\" \/>\n<meta property=\"og:description\" content=\"W+ Triathlon Camp 2026: perguntas Frequentes sobre o camp feminino em Avis, Portugal. Detalhes sobre hospedagem, treinos, e inscri\u00e7\u00e3o.\" \/>\n<meta property=\"og:url\" content=\"https:\/\/equatorium.com.br\/womensplus\/perguntas-frequentes-sobre-o-w-triathlon-camp-2026\/\" \/>\n<meta property=\"og:site_name\" content=\"Womens Plus+\" \/>\n<meta property=\"article:published_time\" content=\"2025-12-07T18:29:06+00:00\" \/>\n<meta property=\"article:modified_time\" content=\"2025-12-07T18:32:06+00:00\" \/>\n<meta property=\"og:image\" content=\"https:\/\/equatorium.com.br\/womensplus\/wp-content\/uploads\/2025\/12\/elin_w-1583-scaled.jpg\" \/>\n\t<meta property=\"og:image:width\" content=\"2560\" \/>\n\t<meta property=\"og:image:height\" content=\"1707\" \/>\n\t<meta property=\"og:image:type\" content=\"image\/jpeg\" \/>\n<meta name=\"author\" content=\"equ_adm\" \/>\n<meta name=\"twitter:card\" content=\"summary_large_image\" \/>\n<meta name=\"twitter:label1\" content=\"Escrito por\" \/>\n\t<meta name=\"twitter:data1\" content=\"equ_adm\" \/>\n\t<meta name=\"twitter:label2\" content=\"Est. tempo de leitura\" \/>\n\t<meta name=\"twitter:data2\" content=\"3 minutos\" \/>\n<script type=\"application\/ld+json\" class=\"yoast-schema-graph\">{\"@context\":\"https:\\\/\\\/schema.org\",\"@graph\":[{\"@type\":\"Article\",\"@id\":\"https:\\\/\\\/equatorium.com.br\\\/womensplus\\\/perguntas-frequentes-sobre-o-w-triathlon-camp-2026\\\/#article\",\"isPartOf\":{\"@id\":\"https:\\\/\\\/equatorium.com.br\\\/womensplus\\\/perguntas-frequentes-sobre-o-w-triathlon-camp-2026\\\/\"},\"author\":{\"name\":\"equ_adm\",\"@id\":\"https:\\\/\\\/equatorium.com.br\\\/womensplus\\\/#\\\/schema\\\/person\\\/948b05dfdf7b465e97f1fa8f19739978\"},\"headline\":\"Perguntas Frequentes sobre o W+ Triathlon Camp 2026\",\"datePublished\":\"2025-12-07T18:29:06+00:00\",\"dateModified\":\"2025-12-07T18:32:06+00:00\",\"mainEntityOfPage\":{\"@id\":\"https:\\\/\\\/equatorium.com.br\\\/womensplus\\\/perguntas-frequentes-sobre-o-w-triathlon-camp-2026\\\/\"},\"wordCount\":445,\"commentCount\":0,\"image\":{\"@id\":\"https:\\\/\\\/equatorium.com.br\\\/womensplus\\\/perguntas-frequentes-sobre-o-w-triathlon-camp-2026\\\/#primaryimage\"},\"thumbnailUrl\":\"https:\\\/\\\/equatorium.com.br\\\/womensplus\\\/wp-content\\\/uploads\\\/2025\\\/12\\\/elin_w-1583-scaled.jpg\",\"inLanguage\":\"pt-BR\",\"potentialAction\":[{\"@type\":\"CommentAction\",\"name\":\"Comment\",\"target\":[\"https:\\\/\\\/equatorium.com.br\\\/womensplus\\\/perguntas-frequentes-sobre-o-w-triathlon-camp-2026\\\/#respond\"]}]},{\"@type\":\"WebPage\",\"@id\":\"https:\\\/\\\/equatorium.com.br\\\/womensplus\\\/perguntas-frequentes-sobre-o-w-triathlon-camp-2026\\\/\",\"url\":\"https:\\\/\\\/equatorium.com.br\\\/womensplus\\\/perguntas-frequentes-sobre-o-w-triathlon-camp-2026\\\/\",\"name\":\"Perguntas Frequentes sobre o W+ Triathlon Camp 2026 - Womens Plus+\",\"isPartOf\":{\"@id\":\"https:\\\/\\\/equatorium.com.br\\\/womensplus\\\/#website\"},\"primaryImageOfPage\":{\"@id\":\"https:\\\/\\\/equatorium.com.br\\\/womensplus\\\/perguntas-frequentes-sobre-o-w-triathlon-camp-2026\\\/#primaryimage\"},\"image\":{\"@id\":\"https:\\\/\\\/equatorium.com.br\\\/womensplus\\\/perguntas-frequentes-sobre-o-w-triathlon-camp-2026\\\/#primaryimage\"},\"thumbnailUrl\":\"https:\\\/\\\/equatorium.com.br\\\/womensplus\\\/wp-content\\\/uploads\\\/2025\\\/12\\\/elin_w-1583-scaled.jpg\",\"datePublished\":\"2025-12-07T18:29:06+00:00\",\"dateModified\":\"2025-12-07T18:32:06+00:00\",\"author\":{\"@id\":\"https:\\\/\\\/equatorium.com.br\\\/womensplus\\\/#\\\/schema\\\/person\\\/948b05dfdf7b465e97f1fa8f19739978\"},\"description\":\"W+ Triathlon Camp 2026: perguntas Frequentes sobre o camp feminino em Avis, Portugal. Detalhes sobre hospedagem, treinos, e inscri\u00e7\u00e3o.\",\"breadcrumb\":{\"@id\":\"https:\\\/\\\/equatorium.com.br\\\/womensplus\\\/perguntas-frequentes-sobre-o-w-triathlon-camp-2026\\\/#breadcrumb\"},\"inLanguage\":\"pt-BR\",\"potentialAction\":[{\"@type\":\"ReadAction\",\"target\":[\"https:\\\/\\\/equatorium.com.br\\\/womensplus\\\/perguntas-frequentes-sobre-o-w-triathlon-camp-2026\\\/\"]}]},{\"@type\":\"ImageObject\",\"inLanguage\":\"pt-BR\",\"@id\":\"https:\\\/\\\/equatorium.com.br\\\/womensplus\\\/perguntas-frequentes-sobre-o-w-triathlon-camp-2026\\\/#primaryimage\",\"url\":\"https:\\\/\\\/equatorium.com.br\\\/womensplus\\\/wp-content\\\/uploads\\\/2025\\\/12\\\/elin_w-1583-scaled.jpg\",\"contentUrl\":\"https:\\\/\\\/equatorium.com.br\\\/womensplus\\\/wp-content\\\/uploads\\\/2025\\\/12\\\/elin_w-1583-scaled.jpg\",\"width\":2560,\"height\":1707},{\"@type\":\"BreadcrumbList\",\"@id\":\"https:\\\/\\\/equatorium.com.br\\\/womensplus\\\/perguntas-frequentes-sobre-o-w-triathlon-camp-2026\\\/#breadcrumb\",\"itemListElement\":[{\"@type\":\"ListItem\",\"position\":1,\"name\":\"In\u00edcio\",\"item\":\"https:\\\/\\\/equatorium.com.br\\\/womensplus\\\/\"},{\"@type\":\"ListItem\",\"position\":2,\"name\":\"Perguntas Frequentes sobre o W+ Triathlon Camp 2026\"}]},{\"@type\":\"WebSite\",\"@id\":\"https:\\\/\\\/equatorium.com.br\\\/womensplus\\\/#website\",\"url\":\"https:\\\/\\\/equatorium.com.br\\\/womensplus\\\/\",\"name\":\"Womens Plus+\",\"description\":\"Together we are stonger\",\"potentialAction\":[{\"@type\":\"SearchAction\",\"target\":{\"@type\":\"EntryPoint\",\"urlTemplate\":\"https:\\\/\\\/equatorium.com.br\\\/womensplus\\\/?s={search_term_string}\"},\"query-input\":{\"@type\":\"PropertyValueSpecification\",\"valueRequired\":true,\"valueName\":\"search_term_string\"}}],\"inLanguage\":\"pt-BR\"},{\"@type\":\"Person\",\"@id\":\"https:\\\/\\\/equatorium.com.br\\\/womensplus\\\/#\\\/schema\\\/person\\\/948b05dfdf7b465e97f1fa8f19739978\",\"name\":\"equ_adm\",\"image\":{\"@type\":\"ImageObject\",\"inLanguage\":\"pt-BR\",\"@id\":\"https:\\\/\\\/secure.gravatar.com\\\/avatar\\\/3446bd40f38b5514cb9600abac952bbfb9f387aef1a7d508b94b290d39a0430d?s=96&d=mm&r=g\",\"url\":\"https:\\\/\\\/secure.gravatar.com\\\/avatar\\\/3446bd40f38b5514cb9600abac952bbfb9f387aef1a7d508b94b290d39a0430d?s=96&d=mm&r=g\",\"contentUrl\":\"https:\\\/\\\/secure.gravatar.com\\\/avatar\\\/3446bd40f38b5514cb9600abac952bbfb9f387aef1a7d508b94b290d39a0430d?s=96&d=mm&r=g\",\"caption\":\"equ_adm\"},\"sameAs\":[\"https:\\\/\\\/equatorium.com.br\\\/womensplus\"],\"url\":\"https:\\\/\\\/equatorium.com.br\\\/womensplus\\\/author\\\/equ_adm\\\/\"}]}<\/script>\n<!-- \/ Yoast SEO plugin. -->","yoast_head_json":{"title":"Perguntas Frequentes sobre o W+ Triathlon Camp 2026 - Womens Plus+","description":"W+ Triathlon Camp 2026: perguntas Frequentes sobre o camp feminino em Avis, Portugal. Detalhes sobre hospedagem, treinos, e inscri\u00e7\u00e3o.","robots":{"index":"noindex","follow":"follow","max-snippet":"max-snippet:-1","max-image-preview":"max-image-preview:large","max-video-preview":"max-video-preview:-1"},"og_locale":"pt_BR","og_type":"article","og_title":"Perguntas Frequentes sobre o W+ Triathlon Camp 2026 - Womens Plus+","og_description":"W+ Triathlon Camp 2026: perguntas Frequentes sobre o camp feminino em Avis, Portugal. Detalhes sobre hospedagem, treinos, e inscri\u00e7\u00e3o.","og_url":"https:\/\/equatorium.com.br\/womensplus\/perguntas-frequentes-sobre-o-w-triathlon-camp-2026\/","og_site_name":"Womens Plus+","article_published_time":"2025-12-07T18:29:06+00:00","article_modified_time":"2025-12-07T18:32:06+00:00","og_image":[{"width":2560,"height":1707,"url":"https:\/\/equatorium.com.br\/womensplus\/wp-content\/uploads\/2025\/12\/elin_w-1583-scaled.jpg","type":"image\/jpeg"}],"author":"equ_adm","twitter_card":"summary_large_image","twitter_misc":{"Escrito por":"equ_adm","Est. tempo de leitura":"3 minutos"},"schema":{"@context":"https:\/\/schema.org","@graph":[{"@type":"Article","@id":"https:\/\/equatorium.com.br\/womensplus\/perguntas-frequentes-sobre-o-w-triathlon-camp-2026\/#article","isPartOf":{"@id":"https:\/\/equatorium.com.br\/womensplus\/perguntas-frequentes-sobre-o-w-triathlon-camp-2026\/"},"author":{"name":"equ_adm","@id":"https:\/\/equatorium.com.br\/womensplus\/#\/schema\/person\/948b05dfdf7b465e97f1fa8f19739978"},"headline":"Perguntas Frequentes sobre o W+ Triathlon Camp 2026","datePublished":"2025-12-07T18:29:06+00:00","dateModified":"2025-12-07T18:32:06+00:00","mainEntityOfPage":{"@id":"https:\/\/equatorium.com.br\/womensplus\/perguntas-frequentes-sobre-o-w-triathlon-camp-2026\/"},"wordCount":445,"commentCount":0,"image":{"@id":"https:\/\/equatorium.com.br\/womensplus\/perguntas-frequentes-sobre-o-w-triathlon-camp-2026\/#primaryimage"},"thumbnailUrl":"https:\/\/equatorium.com.br\/womensplus\/wp-content\/uploads\/2025\/12\/elin_w-1583-scaled.jpg","inLanguage":"pt-BR","potentialAction":[{"@type":"CommentAction","name":"Comment","target":["https:\/\/equatorium.com.br\/womensplus\/perguntas-frequentes-sobre-o-w-triathlon-camp-2026\/#respond"]}]},{"@type":"WebPage","@id":"https:\/\/equatorium.com.br\/womensplus\/perguntas-frequentes-sobre-o-w-triathlon-camp-2026\/","url":"https:\/\/equatorium.com.br\/womensplus\/perguntas-frequentes-sobre-o-w-triathlon-camp-2026\/","name":"Perguntas Frequentes sobre o W+ Triathlon Camp 2026 - Womens Plus+","isPartOf":{"@id":"https:\/\/equatorium.com.br\/womensplus\/#website"},"primaryImageOfPage":{"@id":"https:\/\/equatorium.com.br\/womensplus\/perguntas-frequentes-sobre-o-w-triathlon-camp-2026\/#primaryimage"},"image":{"@id":"https:\/\/equatorium.com.br\/womensplus\/perguntas-frequentes-sobre-o-w-triathlon-camp-2026\/#primaryimage"},"thumbnailUrl":"https:\/\/equatorium.com.br\/womensplus\/wp-content\/uploads\/2025\/12\/elin_w-1583-scaled.jpg","datePublished":"2025-12-07T18:29:06+00:00","dateModified":"2025-12-07T18:32:06+00:00","author":{"@id":"https:\/\/equatorium.com.br\/womensplus\/#\/schema\/person\/948b05dfdf7b465e97f1fa8f19739978"},"description":"W+ Triathlon Camp 2026: perguntas Frequentes sobre o camp feminino em Avis, Portugal. Detalhes sobre hospedagem, treinos, e inscri\u00e7\u00e3o.","breadcrumb":{"@id":"https:\/\/equatorium.com.br\/womensplus\/perguntas-frequentes-sobre-o-w-triathlon-camp-2026\/#breadcrumb"},"inLanguage":"pt-BR","potentialAction":[{"@type":"ReadAction","target":["https:\/\/equatorium.com.br\/womensplus\/perguntas-frequentes-sobre-o-w-triathlon-camp-2026\/"]}]},{"@type":"ImageObject","inLanguage":"pt-BR","@id":"https:\/\/equatorium.com.br\/womensplus\/perguntas-frequentes-sobre-o-w-triathlon-camp-2026\/#primaryimage","url":"https:\/\/equatorium.com.br\/womensplus\/wp-content\/uploads\/2025\/12\/elin_w-1583-scaled.jpg","contentUrl":"https:\/\/equatorium.com.br\/womensplus\/wp-content\/uploads\/2025\/12\/elin_w-1583-scaled.jpg","width":2560,"height":1707},{"@type":"BreadcrumbList","@id":"https:\/\/equatorium.com.br\/womensplus\/perguntas-frequentes-sobre-o-w-triathlon-camp-2026\/#breadcrumb","itemListElement":[{"@type":"ListItem","position":1,"name":"In\u00edcio","item":"https:\/\/equatorium.com.br\/womensplus\/"},{"@type":"ListItem","position":2,"name":"Perguntas Frequentes sobre o W+ Triathlon Camp 2026"}]},{"@type":"WebSite","@id":"https:\/\/equatorium.com.br\/womensplus\/#website","url":"https:\/\/equatorium.com.br\/womensplus\/","name":"Womens Plus+","description":"Together we are stonger","potentialAction":[{"@type":"SearchAction","target":{"@type":"EntryPoint","urlTemplate":"https:\/\/equatorium.com.br\/womensplus\/?s={search_term_string}"},"query-input":{"@type":"PropertyValueSpecification","valueRequired":true,"valueName":"search_term_string"}}],"inLanguage":"pt-BR"},{"@type":"Person","@id":"https:\/\/equatorium.com.br\/womensplus\/#\/schema\/person\/948b05dfdf7b465e97f1fa8f19739978","name":"equ_adm","image":{"@type":"ImageObject","inLanguage":"pt-BR","@id":"https:\/\/secure.gravatar.com\/avatar\/3446bd40f38b5514cb9600abac952bbfb9f387aef1a7d508b94b290d39a0430d?s=96&d=mm&r=g","url":"https:\/\/secure.gravatar.com\/avatar\/3446bd40f38b5514cb9600abac952bbfb9f387aef1a7d508b94b290d39a0430d?s=96&d=mm&r=g","contentUrl":"https:\/\/secure.gravatar.com\/avatar\/3446bd40f38b5514cb9600abac952bbfb9f387aef1a7d508b94b290d39a0430d?s=96&d=mm&r=g","caption":"equ_adm"},"sameAs":["https:\/\/equatorium.com.br\/womensplus"],"url":"https:\/\/equatorium.com.br\/womensplus\/author\/equ_adm\/"}]}},"_links":{"self":[{"href":"https:\/\/equatorium.com.br\/womensplus\/wp-json\/wp\/v2\/posts\/2302","targetHints":{"allow":["GET"]}}],"collection":[{"href":"https:\/\/equatorium.com.br\/womensplus\/wp-json\/wp\/v2\/posts"}],"about":[{"href":"https:\/\/equatorium.com.br\/womensplus\/wp-json\/wp\/v2\/types\/post"}],"author":[{"embeddable":true,"href":"https:\/\/equatorium.com.br\/womensplus\/wp-json\/wp\/v2\/users\/1"}],"replies":[{"embeddable":true,"href":"https:\/\/equatorium.com.br\/womensplus\/wp-json\/wp\/v2\/comments?post=2302"}],"version-history":[{"count":11,"href":"https:\/\/equatorium.com.br\/womensplus\/wp-json\/wp\/v2\/posts\/2302\/revisions"}],"predecessor-version":[{"id":2314,"href":"https:\/\/equatorium.com.br\/womensplus\/wp-json\/wp\/v2\/posts\/2302\/revisions\/2314"}],"wp:featuredmedia":[{"embeddable":true,"href":"https:\/\/equatorium.com.br\/womensplus\/wp-json\/wp\/v2\/media\/2304"}],"wp:attachment":[{"href":"https:\/\/equatorium.com.br\/womensplus\/wp-json\/wp\/v2\/media?parent=2302"}],"wp:term":[{"taxonomy":"category","embeddable":true,"href":"https:\/\/equatorium.com.br\/womensplus\/wp-json\/wp\/v2\/categories?post=2302"},{"taxonomy":"post_tag","embeddable":true,"href":"https:\/\/equatorium.com.br\/womensplus\/wp-json\/wp\/v2\/tags?post=2302"}],"curies":[{"name":"wp","href":"https:\/\/api.w.org\/{rel}","templated":true}]}}